{"id":9903,"date":"2016-11-15T17:44:52","date_gmt":"2016-11-15T22:44:52","guid":{"rendered":"http:\/\/www.alvaronoboa.com\/?p=9903"},"modified":"2016-11-16T15:22:28","modified_gmt":"2016-11-16T20:22:28","slug":"list-of-candidates-for-national-and-provincial-assembly-members","status":"publish","type":"post","link":"https:\/\/www.alvaronoboa.com\/en\/news\/list-of-candidates-for-national-and-provincial-assembly-members\/","title":{"rendered":"LIST OF CANDIDATES FOR NATIONAL AND PROVINCIAL ASSEMBLY MEMBERS"},"content":{"rendered":"<div>\n<div style=\"text-align: justify;\"><a href=\"http:\/\/www.alvaronoboa.com\/wp-content\/uploads\/2016\/11\/ALVARO_NOBOA_ASMBLEISTAS_ADELANTE_ECUATORIANOI.jpg\" rel=\"lightbox[9903]\"><img loading=\"lazy\" class=\"wp-image-9901 aligncenter\" src=\"http:\/\/www.alvaronoboa.com\/wp-content\/uploads\/2016\/11\/ALVARO_NOBOA_ASMBLEISTAS_ADELANTE_ECUATORIANOI-1024x683.jpg\" alt=\"alvaro_noboa_asmbleistas_adelante_ecuatorianoi\" width=\"548\" height=\"365\" srcset=\"https:\/\/www.alvaronoboa.com\/wp-content\/uploads\/2016\/11\/ALVARO_NOBOA_ASMBLEISTAS_ADELANTE_ECUATORIANOI-1024x683.jpg 1024w, https:\/\/www.alvaronoboa.com\/wp-content\/uploads\/2016\/11\/ALVARO_NOBOA_ASMBLEISTAS_ADELANTE_ECUATORIANOI-300x200.jpg 300w, https:\/\/www.alvaronoboa.com\/wp-content\/uploads\/2016\/11\/ALVARO_NOBOA_ASMBLEISTAS_ADELANTE_ECUATORIANOI-768x512.jpg 768w\" sizes=\"(max-width: 548px) 100vw, 548px\" \/><\/a><\/div>\n<div style=\"text-align: justify;\"><\/div>\n<div style=\"text-align: justify;\">Ecuadorians<\/div>\n<div style=\"text-align: justify;\">With God.<\/div>\n<div style=\"text-align: justify;\">At this moment I\u00a0inform <strong>the people of Ecuador about the main national and provincial candidates of the Adelante Ecuatoriano Adelante party.<\/strong><\/div>\n<div style=\"text-align: justify;\"><\/div>\n<div style=\"text-align: justify;\">The first National Assemblyman, Dr. Sylka S\u00e1nchez.<\/div>\n<div style=\"text-align: justify;\">For El Oro: Antonio Noboa and Karen Ram\u00edrez.<\/div>\n<div style=\"text-align: justify;\"><\/div>\n<div style=\"text-align: justify;\">In Guayas, in District 1: Eder Calderon aka &#8220;The Rock.&#8221;<\/div>\n<div style=\"text-align: justify;\">In District 2: Sofia Caiche.<\/div>\n<div style=\"text-align: justify;\">In District 3: Isis Zurita.<\/div>\n<div style=\"text-align: justify;\">In District 4: Jorge Armando Heredia.<\/div>\n<div style=\"text-align: justify;\"><\/div>\n<div style=\"text-align: justify;\">\n<div>Manabi: Northern District: Javier Carranza.<\/div>\n<div>Southern District, Araceli Bravo.<\/div>\n<div><\/div>\n<div>&#8220;China Mu\u00f1oz&#8221; will also represent the Guayas province. She will run for the District 1, along with The Rock.<\/div>\n<\/div>\n<\/div>\n<div style=\"text-align: justify;\">\n<div>Los R\u00edos: Jenny Lara Pozo.<\/div>\n<div><\/div>\n<div>Emeralds: Ronmy Rojas.<\/div>\n<div><\/div>\n<div>Santa Elena: Marcos Lainez Vera.<\/div>\n<div><\/div>\n<div>Gal\u00e1pagos: Carlos Hugo Desiderio Correa.<\/div>\n<div><\/div>\n<div>Santo Domingo: Vicente \u00c1lvarez Cruz.<\/div>\n<div><\/div>\n<div>Imbabura: Mery Ayala Trujillo.<\/div>\n<div><\/div>\n<div>Carchi: Ramiro Mera Valenzuela.<\/div>\n<div><\/div>\n<div>Chimborazo: Fernando Xavier Zumba Novay.<\/div>\n<div><\/div>\n<div>Cotopaxi: Patricio Eastman.<\/div>\n<div><\/div>\n<div>Tungurahua: Ladislao Vicente Cuesta Cortez.<\/div>\n<div><\/div>\n<div>Bolivar: Viviana Graciela Pepe Guilcapi.<\/div>\n<div><\/div>\n<div>Azuay: Juan Alfonso Crespo Rosales.<\/div>\n<div><\/div>\n<div>Ca\u00f1ar: Jaime Efra\u00edn P\u00e9rez Le\u00f3n.<\/div>\n<div><\/div>\n<div>Store: Jonathan Andr\u00e9s Quezada Salazar.<\/div>\n<div><\/div>\n<div>Pastaza: Alejandro Erok Marchan Cruz.<\/div>\n<div><\/div>\n<div>We are all over the Amazon. Napo: Edmundo Jackson Mej\u00eda Vargas.<\/div>\n<div><\/div>\n<div>Morona Santiago: Luis Mac\u00edas Unupi Yamainchi.<\/div>\n<div><\/div>\n<div>Sucumb\u00edos: Vilma Burgos Jim\u00e9nez.<\/div>\n<div><\/div>\n<div>From Orellana: Franklin Hinojosa.<\/div>\n<div><\/div>\n<div>Zamora Chinchipe: Jos\u00e9 Antonio, G\u00f3mez Reyes.<\/div>\n<div><\/div>\n<div>Andean Parliament: Wilson S\u00e1nchez.<\/div>\n<div><\/div>\n<div>Representing immigrants in the United States: Nelly Cobos.<\/div>\n<div><\/div>\n<div>In Europe: Cock Cabanilla.<\/div>\n<div><\/div>\n<div>In Latin America: Joffre Pinzon.<\/div>\n<div><\/div>\n<div>Pichincha: Veronica Soriano, Ricardo Delgado, Mario Fonseca and others.<\/div>\n<\/div>\n<div style=\"text-align: justify;\">I want to congratulate Sylka Sanchez and the whole team that has worked for more than three months, because this seems a miracle, since three months ago we had no party, now we have a party with more than two million members.<\/div>\n<div style=\"text-align: justify;\"><\/div>\n<div style=\"text-align: justify;\">And we have candidates in all the provinces of Ecuador and abroad in the three zones: USA, Europe and Latin America, representing the immigrants, this is truly a titanic work that has been done by Sylka Sanchez, that&#8217;s why she deserves the position of first national candidate, and she will have all my support and that of my family and the support of the two million Ecuadorians who have joined our party Adelante Ecuatoriano Adelante.<\/div>\n<div style=\"text-align: justify;\"><\/div>\n<div style=\"text-align: justify;\">As you can see, most of the candidates are not professional politicians, but citizens like you and me who want a change in Ecuador and a new country.<\/div>\n<div style=\"text-align: justify;\"><\/div>\n<div style=\"text-align: justify;\">Of the Ecuadorian parties and the provincial movements, I believe that there are a maximum of two or three that have the size of ours and that have been able to draw lists for candidates in Ecuador and abroad. I say, the most miraculous of all, is that three months ago there was not even a party, so I am honored to lead this party and serve the party, and through it all the Ecuadorians as the disinterested patriot and the man of God I am.<\/div>\n<div style=\"text-align: justify;\">Glory to God!<\/div>\n<div style=\"text-align: justify;\">Long live Ecuador!<\/div>\n<div style=\"text-align: justify;\">Thank you very much.<\/div>\n<p><iframe loading=\"lazy\" src=\"https:\/\/www.youtube.com\/embed\/G8BftNByuaA\" width=\"560\" height=\"315\" frameborder=\"0\" allowfullscreen=\"allowfullscreen\"><\/iframe><\/p>\n","protected":false},"excerpt":{"rendered":"<p>Ecuadorians With God. At this moment I\u00a0inform the people of Ecuador about the main national and provincial candidates of the Adelante Ecuatoriano Adelante party. The first National Assemblyman, Dr. Sylka S\u00e1nchez. For El Oro: Antonio Noboa and Karen Ram\u00edrez. In Guayas, in District 1: Eder Calderon aka &#8220;The Rock.&#8221; In District 2: Sofia Caiche. In District 3: Isis Zurita. In District 4: Jorge Armando Heredia. Manabi: Northern District: Javier Carranza. Southern District, Araceli Bravo. &#8220;China Mu\u00f1oz&#8221; will also represent the Guayas province. She will run for the District 1, along with The Rock. Los R\u00edos: Jenny Lara Pozo. Emeralds: Ronmy Rojas. Santa Elena: Marcos Lainez Vera. Gal\u00e1pagos: Carlos Hugo Desiderio Correa. Santo Domingo: Vicente \u00c1lvarez Cruz. Imbabura: Mery Ayala Trujillo. Carchi: Ramiro Mera Valenzuela. Chimborazo: Fernando Xavier Zumba Novay. Cotopaxi: Patricio Eastman. Tungurahua: Ladislao Vicente Cuesta Cortez. Bolivar: Viviana Graciela&nbsp;<a href=\"https:\/\/www.alvaronoboa.com\/en\/news\/list-of-candidates-for-national-and-provincial-assembly-members\/\" class=\"read-more\">Continue Reading<\/a><\/p>\n","protected":false},"author":15,"featured_media":9901,"comment_status":"closed","ping_status":"closed","sticky":false,"template":"","format":"standard","meta":[],"categories":[55],"tags":[],"_links":{"self":[{"href":"https:\/\/www.alvaronoboa.com\/en\/wp-json\/wp\/v2\/posts\/9903"}],"collection":[{"href":"https:\/\/www.alvaronoboa.com\/en\/wp-json\/wp\/v2\/posts"}],"about":[{"href":"https:\/\/www.alvaronoboa.com\/en\/wp-json\/wp\/v2\/types\/post"}],"author":[{"embeddable":true,"href":"https:\/\/www.alvaronoboa.com\/en\/wp-json\/wp\/v2\/users\/15"}],"replies":[{"embeddable":true,"href":"https:\/\/www.alvaronoboa.com\/en\/wp-json\/wp\/v2\/comments?post=9903"}],"version-history":[{"count":3,"href":"https:\/\/www.alvaronoboa.com\/en\/wp-json\/wp\/v2\/posts\/9903\/revisions"}],"predecessor-version":[{"id":9908,"href":"https:\/\/www.alvaronoboa.com\/en\/wp-json\/wp\/v2\/posts\/9903\/revisions\/9908"}],"wp:featuredmedia":[{"embeddable":true,"href":"https:\/\/www.alvaronoboa.com\/en\/wp-json\/wp\/v2\/media\/9901"}],"wp:attachment":[{"href":"https:\/\/www.alvaronoboa.com\/en\/wp-json\/wp\/v2\/media?parent=9903"}],"wp:term":[{"taxonomy":"category","embeddable":true,"href":"https:\/\/www.alvaronoboa.com\/en\/wp-json\/wp\/v2\/categories?post=9903"},{"taxonomy":"post_tag","embeddable":true,"href":"https:\/\/www.alvaronoboa.com\/en\/wp-json\/wp\/v2\/tags?post=9903"}],"curies":[{"name":"wp","href":"https:\/\/api.w.org\/{rel}","templated":true}]}}